{"id":681,"date":"2012-08-28T08:48:51","date_gmt":"2012-08-28T06:48:51","guid":{"rendered":"https:\/\/asociatia-planorama.ro\/?p=681"},"modified":"2012-11-16T08:11:07","modified_gmt":"2012-11-16T06:11:07","slug":"chei-cartele-si-reprogramari-interfon","status":"publish","type":"post","link":"https:\/\/asociatia-planorama.ro\/?p=681","title":{"rendered":"Chei, cartele \u0219i reprogram\u0103ri interfon"},"content":{"rendered":"<p><img fetchpriority=\"high\" decoding=\"async\" data-attachment-id=\"683\" data-permalink=\"https:\/\/asociatia-planorama.ro\/?attachment_id=683\" data-orig-file=\"https:\/\/asociatia-planorama.ro\/wp-content\/uploads\/2012\/08\/cartela500.png\" data-orig-size=\"500,716\" data-comments-opened=\"0\" data-image-meta=\"{&quot;aperture&quot;:&quot;0&quot;,&quot;credit&quot;:&quot;&quot;,&quot;camera&quot;:&quot;&quot;,&quot;caption&quot;:&quot;&quot;,&quot;created_timestamp&quot;:&quot;0&quot;,&quot;copyright&quot;:&quot;&quot;,&quot;focal_length&quot;:&quot;0&quot;,&quot;iso&quot;:&quot;0&quot;,&quot;shutter_speed&quot;:&quot;0&quot;,&quot;title&quot;:&quot;&quot;}\" data-image-title=\"cartela500\" data-image-description=\"\" data-image-caption=\"\" data-large-file=\"https:\/\/asociatia-planorama.ro\/wp-content\/uploads\/2012\/08\/cartela500.png\" class=\"alignleft size-medium wp-image-683\" title=\"cartela500\" src=\"https:\/\/asociatia-planorama.ro\/wp-content\/uploads\/2012\/08\/cartela500-209x300.png\" alt=\"\" width=\"209\" height=\"300\" srcset=\"https:\/\/asociatia-planorama.ro\/wp-content\/uploads\/2012\/08\/cartela500-209x300.png 209w, https:\/\/asociatia-planorama.ro\/wp-content\/uploads\/2012\/08\/cartela500.png 500w\" sizes=\"(max-width: 209px) 100vw, 209px\" \/>Prin prezenta v\u0103 anun\u021b c\u0103 au venit cheile \u0219i cartelele pentru interfon. Acestea se pot ridica de la biroul asocia\u021biei de luni p\u00e2n\u0103 vineri \u00eentre orele 8.00 si 18.00. Pentru a ridica cheile \u0219i cartelele \u00een afara acestui program v\u0103 rog s\u0103 suna\u021bi \u00eenainte la telefon \u00eentre orele 08.30 si 20.00 \u0219i functie de posibilit\u0103\u021bi vom \u00eencerca s\u0103 v\u0103 ajut\u0103m.<\/p>\n<p>\u00cenc\u0103 nu au ajuns aparatele cu video interfon. Cei ce au dorit aparat cu video-interfon vor fi anunta\u021bi ulterior, individual \u0219i stabilit o nou\u0103 dat\u0103 de instalare. Cartelele \u0219i cheile se pot ridica oricum.<\/p>\n<p>Pentru cei c\u0103rora \u00eenc\u0103 nu li s-a montat interfonul \u00eei anun\u021b c\u0103 se poate instala oric\u00e2nd \u00een timpul programului de lucru, \u00eentre orele 08.00 &#8211; 17.00. \u00cel suna\u021bi pe Nicu Zamfir la telefon 0735.468.131 s\u0103 va instaleze interfonul. Dac\u0103 ave\u021bi chei la asocia\u021bie \u0219i dori\u021bi s\u0103 v\u0103 monteze interfonul f\u0103r\u0103 s\u0103 fi\u021bi de fa\u021b\u0103, de asemenea \u00eel informa\u021bi pe Nicu sau pe mine.<\/p>\n","protected":false},"excerpt":{"rendered":"<p>Prin prezenta v\u0103 anun\u021b c\u0103 au venit cheile \u0219i cartelele pentru interfon. Acestea se pot ridica de la biroul asocia\u021biei de luni p\u00e2n\u0103 vineri \u00eentre orele 8.00 si 18.00. Pentru a ridica cheile \u0219i cartelele \u00een afara acestui program v\u0103 rog s\u0103 suna\u021bi \u00eenainte la telefon \u00eentre orele 08.30 si 20.00 \u0219i functie de posibilit\u0103\u021bi [&hellip;]<\/p>\n","protected":false},"author":4,"featured_media":683,"comment_status":"closed","ping_status":"closed","sticky":false,"template":"","format":"standard","meta":{"_jetpack_memberships_contains_paid_content":false,"footnotes":""},"categories":[3,13],"tags":[],"class_list":["post-681","post","type-post","status-publish","format-standard","has-post-thumbnail","hentry","category-bloc-t3","category-home-page"],"jetpack_featured_media_url":"https:\/\/asociatia-planorama.ro\/wp-content\/uploads\/2012\/08\/cartela500.png","jetpack_shortlink":"https:\/\/wp.me\/p2G3yN-aZ","jetpack_sharing_enabled":true,"_links":{"self":[{"href":"https:\/\/asociatia-planorama.ro\/index.php?rest_route=\/wp\/v2\/posts\/681","targetHints":{"allow":["GET"]}}],"collection":[{"href":"https:\/\/asociatia-planorama.ro\/index.php?rest_route=\/wp\/v2\/posts"}],"about":[{"href":"https:\/\/asociatia-planorama.ro\/index.php?rest_route=\/wp\/v2\/types\/post"}],"author":[{"embeddable":true,"href":"https:\/\/asociatia-planorama.ro\/index.php?rest_route=\/wp\/v2\/users\/4"}],"replies":[{"embeddable":true,"href":"https:\/\/asociatia-planorama.ro\/index.php?rest_route=%2Fwp%2Fv2%2Fcomments&post=681"}],"version-history":[{"count":10,"href":"https:\/\/asociatia-planorama.ro\/index.php?rest_route=\/wp\/v2\/posts\/681\/revisions"}],"predecessor-version":[{"id":689,"href":"https:\/\/asociatia-planorama.ro\/index.php?rest_route=\/wp\/v2\/posts\/681\/revisions\/689"}],"wp:featuredmedia":[{"embeddable":true,"href":"https:\/\/asociatia-planorama.ro\/index.php?rest_route=\/wp\/v2\/media\/683"}],"wp:attachment":[{"href":"https:\/\/asociatia-planorama.ro\/index.php?rest_route=%2Fwp%2Fv2%2Fmedia&parent=681"}],"wp:term":[{"taxonomy":"category","embeddable":true,"href":"https:\/\/asociatia-planorama.ro\/index.php?rest_route=%2Fwp%2Fv2%2Fcategories&post=681"},{"taxonomy":"post_tag","embeddable":true,"href":"https:\/\/asociatia-planorama.ro\/index.php?rest_route=%2Fwp%2Fv2%2Ftags&post=681"}],"curies":[{"name":"wp","href":"https:\/\/api.w.org\/{rel}","templated":true}]}}