{"id":3191,"date":"2021-05-07T09:35:30","date_gmt":"2021-05-07T07:35:30","guid":{"rendered":"https:\/\/asociatia-planorama.ro\/?p=3191"},"modified":"2021-05-10T09:29:20","modified_gmt":"2021-05-10T07:29:20","slug":"taxa-speciala-de-salubrizare-pentru-persoane-fizice-a-fost-prelungita-cu-inca-2-luni-iunie-si-iulie","status":"publish","type":"post","link":"https:\/\/asociatia-planorama.ro\/?p=3191","title":{"rendered":"Taxa special\u0103 de salubrizare a fost prelungit\u0103 cu \u00eenc\u0103 2 luni"},"content":{"rendered":"\n<h2 class=\"wp-block-heading\">Taxa special\u0103 de salubrizare pentru persoane fizice a fost prelungit\u0103 cu \u00eenc\u0103 2 luni<\/h2>\n\n\n\n<p>Prim\u0103ria Sectorului 2 nu s-a \u00een\u021beles cu Supercom asupra condi\u021biilor contractuale astfel \u00eenc\u00e2t a trebuit s\u0103 prelungeasc\u0103 perioada \u00een care persoanele fizice erau obligate s\u0103 \u00eencheie un contract cu firma de salubriazare, pentru o perioad\u0103 de dou\u0103 luni (Iunie \u0219i Iulie).<\/p>\n\n\n\n<h2 class=\"wp-block-heading\">Informa\u021bia este preluat\u0103 de pe site-ul Prim\u0103riei Sector 2 iar mai jos ave\u021bi textul copmplet<\/h2>\n\n\n\n<p>Este \u00een valoare de 10 lei\/persoan\u0103\/lun\u0103 \u0219i acoper\u0103 serviciile de colectare selectiv\u0103, ridicare, transport \u0219i depozitare la groap\u0103.<\/p>\n\n\n\n<p>Taxa poate fi pl\u0103tit\u0103 p\u00e2n\u0103 pe 31 martie 2022. Vom da \u0219i o nou\u0103 hot\u0103r\u00e2re de consiliu prin care ne vom asigura c\u0103 nu se percep penaliz\u0103ri.<\/p>\n\n\n\n<p>E bine s\u0103 \u0219ti\u021bi care sunt motivele ce au determinat prelungirea cu \u00eenc\u0103 2 luni a taxei speciale de salubrizare:<\/p>\n\n\n\n<p>&#8211; Tarifele avansate de furnizorul de salubritate sunt mult prea mari \u2013 788 lei\/ton\u0103. Valoarea este mult mai mare comparativ&nbsp; cu tarifele practicate la celelalte sectoare pentru acelea\u0219i servicii. De exemplu, la Sectorul 1 tariful este de aproximativ 600 lei; la Sectorul 4 de 550 lei\/ton\u0103 +tva.<\/p>\n\n\n\n<p>&#8211; Reprezentan\u021bii Prim\u0103riei Sectorul 2 au cerut furnizorului \u0219i&nbsp; fundamentarea acestor tarife, pe care nu am primit-o p\u00e2n\u0103 \u00een prezent.<\/p>\n\n\n\n<p>&#8211; Reprezentan\u021bii Prim\u0103riei Sectorului 2 au cerut furnizorului de salubritate actualizarea ultimului tarif ( 7.11 x 1.59 -indice de cre\u0219tere al serviciilor).<\/p>\n\n\n\n<p>&nbsp;Obiectivul nostru este ca fiecare cet\u0103\u021bean s\u0103 colecteze selectiv \u0219i s\u0103 pl\u0103teasc\u0103 un pre\u021b corect pe c\u00e2t gunoi produce. P\u00e2n\u0103 primim din partea furnizorului tarife corecte \u0219i echitabile fa\u021b\u0103 de cet\u0103\u021benii sectorului 2, am prelungit taxa special\u0103 de salubrizare cu \u00eenc\u0103 2 luni.<\/p>\n\n\n\n<p>\u021ainem la transparen\u021b\u0103, iar locuitorii Sectorului 2 trebuie s\u0103 \u0219tie c\u0103, Prim\u0103ria Sectorului 2 va continua s\u0103 pl\u0103teasc\u0103 serviciile de ridicare, transport, depozitare de\u0219euri pe baza ultimului tarif votat de Consiliul Local \u2013 tariful din 2007, \u00een valoare de 7.11 + TVA + taxa pe economia circular\u0103.<\/p>\n\n\n\n<p>Urmeaz\u0103 ca Direc\u021bia de Venituri Buget Local Sector 2 s\u0103 v\u0103 transmit\u0103 decizia de impunere. Cu aceasta ocazie, v\u0103 \u00eencuraj\u0103m s\u0103 v\u0103 face\u021bi cont online pe platforma Direc\u021biei de Venituri Buget Local Sector 2, unde sunte\u021bi automat notifica\u021bi &#8211; https:\/\/www.impozitelocale2.ro\/ . De la un click distan\u021b\u0103, pute\u021bi face pl\u0103\u021bi electronice rapid, dar \u0219i declara\u021bii online. F\u0103r\u0103 timp pierdut \u00een trafic. F\u0103r\u0103 timp pierdut la ghi\u0219ee. F\u0103r\u0103 dependen\u021b\u0103 de programul de lucru.<\/p>\n\n\n\n<h2 class=\"wp-block-heading\">G\u0103si\u021bi informa\u021bia pe site-ul Prim\u0103riei Sctorului 2 la link-ul de mai jos:<\/h2>\n\n\n\n<p><a href=\"https:\/\/www.ps2.ro\/index.php\/primaria-sectorului-2\/presa\/stiri\/652-taxa-speciala-de-salubrizare-pentru-persoane-fizice-a-fost-prelungita-cu-inca-2-luni-iunie-si-iulie\" target=\"_blank\" rel=\"noopener\">https:\/\/www.ps2.ro\/index.php\/primaria-sectorului-2\/presa\/stiri\/652-taxa-speciala-de-salubrizare-pentru-persoane-fizice-a-fost-prelungita-cu-inca-2-luni-iunie-si-iulie<\/a><\/p>\n","protected":false},"excerpt":{"rendered":"<p>Taxa special\u0103 de salubrizare pentru persoane fizice a fost prelungit\u0103 cu \u00eenc\u0103 2 luni Prim\u0103ria Sectorului 2 nu s-a \u00een\u021beles cu Supercom asupra condi\u021biilor contractuale astfel \u00eenc\u00e2t a trebuit s\u0103 prelungeasc\u0103 perioada \u00een care persoanele fizice erau obligate s\u0103 \u00eencheie un contract cu firma de salubriazare, pentru o perioad\u0103 de dou\u0103 luni (Iunie \u0219i Iulie). [&hellip;]<\/p>\n","protected":false},"author":4,"featured_media":3193,"comment_status":"closed","ping_status":"closed","sticky":false,"template":"","format":"standard","meta":{"_jetpack_memberships_contains_paid_content":false,"footnotes":""},"categories":[3,123],"tags":[136,57,66,117,141],"class_list":["post-3191","post","type-post","status-publish","format-standard","has-post-thumbnail","hentry","category-bloc-t3","category-informare-t3","tag-gunoi","tag-informare","tag-sector-2","tag-taxa","tag-taxa-de-salubrizare"],"jetpack_featured_media_url":"https:\/\/asociatia-planorama.ro\/wp-content\/uploads\/2021\/05\/two-garbage-men-hazmat-ppe-protective-clothing-wear-medical-rubber-gloves-working-together-emptying-dustbins-trash-removal-with-truck-loading-waste-trash-bin-coronavirus-disease-2019-2-scaled.jpg","jetpack_shortlink":"https:\/\/wp.me\/p2G3yN-Pt","jetpack_sharing_enabled":true,"_links":{"self":[{"href":"https:\/\/asociatia-planorama.ro\/index.php?rest_route=\/wp\/v2\/posts\/3191","targetHints":{"allow":["GET"]}}],"collection":[{"href":"https:\/\/asociatia-planorama.ro\/index.php?rest_route=\/wp\/v2\/posts"}],"about":[{"href":"https:\/\/asociatia-planorama.ro\/index.php?rest_route=\/wp\/v2\/types\/post"}],"author":[{"embeddable":true,"href":"https:\/\/asociatia-planorama.ro\/index.php?rest_route=\/wp\/v2\/users\/4"}],"replies":[{"embeddable":true,"href":"https:\/\/asociatia-planorama.ro\/index.php?rest_route=%2Fwp%2Fv2%2Fcomments&post=3191"}],"version-history":[{"count":10,"href":"https:\/\/asociatia-planorama.ro\/index.php?rest_route=\/wp\/v2\/posts\/3191\/revisions"}],"predecessor-version":[{"id":3215,"href":"https:\/\/asociatia-planorama.ro\/index.php?rest_route=\/wp\/v2\/posts\/3191\/revisions\/3215"}],"wp:featuredmedia":[{"embeddable":true,"href":"https:\/\/asociatia-planorama.ro\/index.php?rest_route=\/wp\/v2\/media\/3193"}],"wp:attachment":[{"href":"https:\/\/asociatia-planorama.ro\/index.php?rest_route=%2Fwp%2Fv2%2Fmedia&parent=3191"}],"wp:term":[{"taxonomy":"category","embeddable":true,"href":"https:\/\/asociatia-planorama.ro\/index.php?rest_route=%2Fwp%2Fv2%2Fcategories&post=3191"},{"taxonomy":"post_tag","embeddable":true,"href":"https:\/\/asociatia-planorama.ro\/index.php?rest_route=%2Fwp%2Fv2%2Ftags&post=3191"}],"curies":[{"name":"wp","href":"https:\/\/api.w.org\/{rel}","templated":true}]}}