{"id":1133,"date":"2013-01-30T17:16:08","date_gmt":"2013-01-30T15:16:08","guid":{"rendered":"https:\/\/asociatia-planorama.ro\/?p=1133"},"modified":"2013-06-18T10:53:16","modified_gmt":"2013-06-18T08:53:16","slug":"parcarea-este-in-proprietate-privata","status":"publish","type":"post","link":"https:\/\/asociatia-planorama.ro\/?p=1133","title":{"rendered":"Parcarea este privat\u0103"},"content":{"rendered":"<p><a href=\"https:\/\/asociatia-planorama.ro\/wp-content\/uploads\/2013\/01\/parcare.jpg\"><img fetchpriority=\"high\" decoding=\"async\" data-attachment-id=\"1134\" data-permalink=\"https:\/\/asociatia-planorama.ro\/?attachment_id=1134\" data-orig-file=\"https:\/\/asociatia-planorama.ro\/wp-content\/uploads\/2013\/01\/parcare.jpg\" data-orig-size=\"1200,840\" data-comments-opened=\"0\" data-image-meta=\"{&quot;aperture&quot;:&quot;0&quot;,&quot;credit&quot;:&quot;&quot;,&quot;camera&quot;:&quot;&quot;,&quot;caption&quot;:&quot;&quot;,&quot;created_timestamp&quot;:&quot;0&quot;,&quot;copyright&quot;:&quot;&quot;,&quot;focal_length&quot;:&quot;0&quot;,&quot;iso&quot;:&quot;0&quot;,&quot;shutter_speed&quot;:&quot;0&quot;,&quot;title&quot;:&quot;&quot;}\" data-image-title=\"parcare\" data-image-description=\"\" data-image-caption=\"\" data-large-file=\"https:\/\/asociatia-planorama.ro\/wp-content\/uploads\/2013\/01\/parcare-1024x716.jpg\" class=\"aligncenter size-large wp-image-1134\" alt=\"parcare\" src=\"https:\/\/asociatia-planorama.ro\/wp-content\/uploads\/2013\/01\/parcare-1024x716.jpg\" width=\"650\" height=\"454\" srcset=\"https:\/\/asociatia-planorama.ro\/wp-content\/uploads\/2013\/01\/parcare-1024x716.jpg 1024w, https:\/\/asociatia-planorama.ro\/wp-content\/uploads\/2013\/01\/parcare-300x210.jpg 300w, https:\/\/asociatia-planorama.ro\/wp-content\/uploads\/2013\/01\/parcare-78x55.jpg 78w, https:\/\/asociatia-planorama.ro\/wp-content\/uploads\/2013\/01\/parcare-650x455.jpg 650w, https:\/\/asociatia-planorama.ro\/wp-content\/uploads\/2013\/01\/parcare.jpg 1200w\" sizes=\"(max-width: 650px) 100vw, 650px\" \/><\/a><\/p>\n<p>Cei care nu au locuri de parcare \u00een proprietate sau \u00eenchiriate de la propietari \u00een subsolul cl\u0103dirii<\/p>\n<p>V\u0102 RUG\u0102M\u00a0<b>INSISTENT<\/b>\u00a0S\u0102 NU MAI INTRA\u021aI ABUZIV \u00ceN PARCARE OCUP\u00c2ND LOCURILE PROPIETATE PERSONAL\u0102!<\/p>\n<p>\u00cen caz contrar ne vedem nevoi\u021bi s\u0103 solicit\u0103m suportul poli\u021biei \u0219i al firmelor de ridic\u0103ri auto pentru a ne elibera parcarea.<\/p>\n<p>Daca dori\u021bi s\u0103 \u00eenchiria\u021bi locuri de parcare v\u0103 rug\u0103m s\u0103 lua\u021bi legatur\u0103 cu asocia\u021bia de luni p\u00e2n\u0103 vineri, telefonic la nr. 0755 933 678 \u00eentre orele 9,30 \u2013 19,30 \u00a0sau prin email pe adresa\u00a0<a href=\"mailto:asociatieplanorama@gmail.com\">asociatieplanorama@gmail.com<\/a>.<\/p>\n","protected":false},"excerpt":{"rendered":"<p>Cei care nu au locuri de parcare \u00een proprietate sau \u00eenchiriate de la propietari \u00een subsolul cl\u0103dirii V\u0102 RUG\u0102M\u00a0INSISTENT\u00a0S\u0102 NU MAI INTRA\u021aI ABUZIV \u00ceN PARCARE OCUP\u00c2ND LOCURILE PROPIETATE PERSONAL\u0102! \u00cen caz contrar ne vedem nevoi\u021bi s\u0103 solicit\u0103m suportul poli\u021biei \u0219i al firmelor de ridic\u0103ri auto pentru a ne elibera parcarea. Daca dori\u021bi s\u0103 \u00eenchiria\u021bi locuri [&hellip;]<\/p>\n","protected":false},"author":4,"featured_media":1134,"comment_status":"closed","ping_status":"closed","sticky":false,"template":"","format":"standard","meta":{"_jetpack_memberships_contains_paid_content":false,"footnotes":""},"categories":[3],"tags":[39,38],"class_list":["post-1133","post","type-post","status-publish","format-standard","has-post-thumbnail","hentry","category-bloc-t3","tag-inchiriere","tag-parcare"],"jetpack_featured_media_url":"https:\/\/asociatia-planorama.ro\/wp-content\/uploads\/2013\/01\/parcare.jpg","jetpack_shortlink":"https:\/\/wp.me\/p2G3yN-ih","jetpack_sharing_enabled":true,"_links":{"self":[{"href":"https:\/\/asociatia-planorama.ro\/index.php?rest_route=\/wp\/v2\/posts\/1133","targetHints":{"allow":["GET"]}}],"collection":[{"href":"https:\/\/asociatia-planorama.ro\/index.php?rest_route=\/wp\/v2\/posts"}],"about":[{"href":"https:\/\/asociatia-planorama.ro\/index.php?rest_route=\/wp\/v2\/types\/post"}],"author":[{"embeddable":true,"href":"https:\/\/asociatia-planorama.ro\/index.php?rest_route=\/wp\/v2\/users\/4"}],"replies":[{"embeddable":true,"href":"https:\/\/asociatia-planorama.ro\/index.php?rest_route=%2Fwp%2Fv2%2Fcomments&post=1133"}],"version-history":[{"count":7,"href":"https:\/\/asociatia-planorama.ro\/index.php?rest_route=\/wp\/v2\/posts\/1133\/revisions"}],"predecessor-version":[{"id":1136,"href":"https:\/\/asociatia-planorama.ro\/index.php?rest_route=\/wp\/v2\/posts\/1133\/revisions\/1136"}],"wp:featuredmedia":[{"embeddable":true,"href":"https:\/\/asociatia-planorama.ro\/index.php?rest_route=\/wp\/v2\/media\/1134"}],"wp:attachment":[{"href":"https:\/\/asociatia-planorama.ro\/index.php?rest_route=%2Fwp%2Fv2%2Fmedia&parent=1133"}],"wp:term":[{"taxonomy":"category","embeddable":true,"href":"https:\/\/asociatia-planorama.ro\/index.php?rest_route=%2Fwp%2Fv2%2Fcategories&post=1133"},{"taxonomy":"post_tag","embeddable":true,"href":"https:\/\/asociatia-planorama.ro\/index.php?rest_route=%2Fwp%2Fv2%2Ftags&post=1133"}],"curies":[{"name":"wp","href":"https:\/\/api.w.org\/{rel}","templated":true}]}}